{"id":99942,"date":"2026-09-04T17:03:55","date_gmt":"2026-09-04T20:03:55","guid":{"rendered":"https:\/\/murray.adv.br\/?p=99942"},"modified":"2026-09-04T17:03:55","modified_gmt":"2026-09-04T20:03:55","slug":"supreme-court-justice-seeks-probe-of-colleague-as-crisis-deepens","status":"publish","type":"post","link":"https:\/\/murray.adv.br\/en\/supreme-court-justice-seeks-probe-of-colleague-as-crisis-deepens\/","title":{"rendered":"Supreme Court justice seeks probe of colleague as crisis deepens"},"content":{"rendered":"<section class=\"content--header\">\n<div class=\"row content-head non-featured \">\n<div class=\"title\">\n<h6 class=\"content-head__title\" style=\"text-align: center\"><em><strong>Alexandre de Moraes\u2019s request alleges abuse of authority and political targeting after Andr\u00e9 Mendon\u00e7a unsealed a report citing messages from former Banco Master owner Daniel Vorcaro<\/strong><\/em><\/h6>\n<\/div>\n<\/div>\n<div class=\"content__signa-share\">\n<div class=\"content__signature\">\n<div class=\"content-publication-data\">\n<div class=\"content-publication-data__text\">\n<div class=\"content-publication-data__from\"><\/div>\n<p>&nbsp;<\/p>\n<p>&nbsp;<\/p>\n<p class=\"content-publication-data__updated\"><time datetime=\"2026-09-04T07:17:37.761-03:00\">09\/04\/2026 <\/time><a id=\"btn-seguir-google\" class=\"follow-google-btn\" href=\"https:\/\/google.com\/preferences\/source?q=valorinternational.globo.com\" target=\"_blank\" rel=\"noopener\"><\/a><\/p>\n<\/div>\n<\/div>\n<\/div>\n<\/div>\n<\/section>\n<div id=\"mc-article-body\" class=\"mc-article-body ready cropped\">\n<article>\n<div class=\"no-paywall\">\n<div class=\"row medium-uncollapsed content-media content-photo\" data-block-type=\"backstage-photo\" data-block-id=\"0\">\n<div class=\"mc-column content-media__container\" data-image-display=\"normal\">\n<div class=\"content-media-container\" style=\"text-align: center\">\n<figure class=\"content-media__figure\"><img loading=\"lazy\" decoding=\"async\" class=\"content-media__image aligncenter\" src=\"https:\/\/s2-valorinternational.glbimg.com\/dClU6yU9bfBAKx4GFrjqHF4vWC0=\/0x0:1548x906\/984x0\/smart\/filters:strip_icc()\/i.s3.glbimg.com\/v1\/AUTH_37554604729d4b2f9f3eb9ad8a691345\/internal_photos\/bs\/2026\/4\/4\/dzUaT1TYii7ts2b2NDIw\/foto04pol-101-moraes-a12.jpg\" alt=\"Alexandre de Moraes \u2014 Foto: Brenno Carvalho \/ Ag\u00eancia O Globo\" width=\"414\" height=\"242\" \/><figcaption class=\"content-media__description\"><em>Alexandre de Moraes \u2014 Photo: Brenno Carvalho \/ Ag\u00eancia O Globo<\/em><\/figcaption><\/figure>\n<\/div>\n<\/div>\n<\/div>\n<div class=\"mc-column mc-side-item__container\" data-block-type=\"ads\" data-block-id=\"1\"><\/div>\n<div class=\"mc-column content-text active-extra-styles \" data-block-type=\"unstyled\" data-block-weight=\"27\" data-block-id=\"2\">\n<p class=\" content-text__container \" data-track-category=\"Link no Texto\" data-track-links=\"\">Supreme Court Justice Alexandre de Moraes has asked for fellow Justice Andr\u00e9 Mendon\u00e7a to be investigated for alleged abuse of authority, administrative misconduct and impeachable offenses.<\/p>\n<\/div>\n<div class=\"mc-column content-text active-extra-styles \" data-block-type=\"unstyled\" data-block-weight=\"27\" data-block-id=\"3\">\n<p class=\" content-text__container \" data-track-category=\"Link no Texto\" data-track-links=\"\">Moraes also accuses his colleague of compromising judicial impartiality and favoring political groups in investigations into Banco Master and fraud involving Brazil\u2019s National Social Security Institute (INSS).<\/p>\n<\/div>\n<div class=\"mc-column content-text active-extra-styles \" data-block-type=\"unstyled\" data-block-weight=\"59\" data-block-id=\"4\">\n<p class=\" content-text__container \" data-track-category=\"Link no Texto\" data-track-links=\"\">The request, sent to Supreme Court Chief Justice Edson Fachin, came two days after Mendon\u00e7a unsealed a Federal Police report citing messages sent by former banker Daniel Vorcaro, Banco Master\u2019s owner, to a contact attributed to Moraes. In the messages, Vorcaro sought to interfere with and obtain information about investigations that led to his arrest in November last year.<\/p>\n<\/div>\n<div class=\"mc-column content-text active-extra-styles \" data-block-type=\"unstyled\" data-block-weight=\"22\" data-block-id=\"6\">\n<p class=\" content-text__container \" data-track-category=\"Link no Texto\" data-track-links=\"\">The episode triggered an unprecedented crisis at the Supreme Court, which has now intensified with the request for an investigation into Mendon\u00e7a.<\/p>\n<\/div>\n<div class=\"mc-column content-text active-extra-styles \" data-block-type=\"unstyled\" data-block-weight=\"9\" data-block-id=\"7\">\n<p class=\" content-text__container \" data-track-category=\"Link no Texto\" data-track-links=\"\">Mendon\u00e7a did not immediately respond to requests for comment.<\/p>\n<\/div>\n<div class=\"mc-column content-text active-extra-styles \" data-block-type=\"unstyled\" data-block-weight=\"3\" data-block-id=\"8\">\n<p class=\" content-text__container \" data-track-category=\"Link no Texto\" data-track-links=\"\"><strong>Call for investigation<\/strong><\/p>\n<\/div>\n<div class=\"mc-column content-text active-extra-styles \" data-block-type=\"unstyled\" data-block-weight=\"20\" data-block-id=\"9\">\n<p class=\" content-text__container \" data-track-category=\"Link no Texto\" data-track-links=\"\">Moraes used the so-called fake news inquiry, which he has overseen since 2019, as the basis for requesting the investigation.<\/p>\n<\/div>\n<div class=\"mc-column content-text active-extra-styles \" data-block-type=\"unstyled\" data-block-weight=\"70\" data-block-id=\"10\">\n<p class=\" content-text__container \" data-track-category=\"Link no Texto\" data-track-links=\"\">In the decision sent to Fachin, Moraes said he ordered Federal Police Director-General Andrei Rodrigues on Tuesday (Sept. 1) to provide intelligence reports produced \u201cin response to the need to document numerous irregularities and illegal acts\u201d in the handling of Operation &#8220;Sem Desconto&#8221;, involving the INSS, and Operation Compliance Zero, involving Banco Master. The decision does not make clear whether the Federal Police produced the reports on its own initiative.<\/p>\n<\/div>\n<div class=\"mc-column content-text active-extra-styles \" data-block-type=\"unstyled\" data-block-weight=\"55\" data-block-id=\"12\">\n<p class=\" content-text__container \" data-track-category=\"Link no Texto\" data-track-links=\"\">Moraes said the irregularities identified by the Federal Police indicated that Mendon\u00e7a sought to \u201csteer the production of evidence toward falsely accusing Supreme Court justices of crimes, expressly naming Justices Gilmar Mendes, Dias Toffoli, Luiz Fux, Alexandre de Moraes and Nunes Marques, as well as the prosecutor general and the director-general of the Federal Police.\u201d<\/p>\n<\/div>\n<div class=\"mc-column content-text active-extra-styles \" data-block-type=\"unstyled\" data-block-weight=\"55\" data-block-id=\"13\">\n<p class=\" content-text__container \" data-track-category=\"Link no Texto\" data-track-links=\"\">The information provided would also have shown a series of alleged irregularities, Moraes said, including the \u201cusurpation\u201d of the police authorities\u2019 \u201ccontrol over the investigations,\u201d improper handling of plea-bargain negotiations and the steering of investigations toward specific targets for political reasons. Those alleged targets included Moraes himself and Senate President Davi Alcolumbre (Brazil Union Party).<\/p>\n<\/div>\n<div class=\"mc-column content-text active-extra-styles \" data-block-type=\"unstyled\" data-block-weight=\"2\" data-block-id=\"15\">\n<p class=\" content-text__container \" data-track-category=\"Link no Texto\" data-track-links=\"\"><strong>Evidence challenge<\/strong><\/p>\n<\/div>\n<div class=\"mc-column content-text active-extra-styles \" data-block-type=\"unstyled\" data-block-weight=\"27\" data-block-id=\"16\">\n<p class=\" content-text__container \" data-track-category=\"Link no Texto\" data-track-links=\"\">In addition to potentially leading to an investigation into Mendon\u00e7a, Moraes\u2019s request could result in evidence gathered in the Compliance Zero and Sem Desconto operations being invalidated.<\/p>\n<\/div>\n<div class=\"mc-column content-text active-extra-styles \" data-block-type=\"unstyled\" data-block-weight=\"40\" data-block-id=\"17\">\n<p class=\" content-text__container \" data-track-category=\"Link no Texto\" data-track-links=\"\">Among other issues, Moraes challenges the chain of custody of the evidence \u2014 the set of procedures established under Brazil\u2019s Code of Criminal Procedure governing how evidence collected in criminal cases must be handled, preserved, processed, stored and disposed of.<\/p>\n<\/div>\n<div class=\"mc-column content-text active-extra-styles \" data-block-type=\"unstyled\" data-block-weight=\"47\" data-block-id=\"18\">\n<p class=\" content-text__container \" data-track-category=\"Link no Texto\" data-track-links=\"\">Moraes argues, for example, that measures ordered by Mendon\u00e7a, such as granting early access to raw data extracted from devices before the Federal Police had filtered the material and verified its authenticity, breached the chain of custody and harmed \u201cthe criminal investigation, including by allowing several leaks.\u201d<\/p>\n<\/div>\n<div class=\"mc-column content-text active-extra-styles \" data-block-type=\"unstyled\" data-block-weight=\"73\" data-block-id=\"19\">\n<p class=\" content-text__container \" data-track-category=\"Link no Texto\" data-track-links=\"\">He said a Federal Police intelligence report found that Mendon\u00e7a\u2019s decisions in the two cases could, in theory, have amounted to \u201cusurpation of the police authorities\u2019 control over the investigations, with a clear loss of impartiality due to \u2018growing indications of bias in the conduct of judicial oversight, reflected in increasingly intense thematic steering toward a specific investigative line,\u2019 as well as a breach of the chain of custody of the seized evidence.\u201d<\/p>\n<\/div>\n<div class=\"mc-column content-text active-extra-styles \" data-block-type=\"unstyled\" data-block-weight=\"42\" data-block-id=\"20\">\n<p class=\" content-text__container \" data-track-category=\"Link no Texto\" data-track-links=\"\">Moraes also accuses Mendon\u00e7a of acting for personal and political reasons. One indication, he argues, is that Mendon\u00e7a allegedly steered the investigation toward particular targets, including Alcolumbre. Moraes also refers to himself in the third person in several passages of the decision.<\/p>\n<\/div>\n<div class=\"mc-column content-text active-extra-styles \" data-block-type=\"unstyled\" data-block-weight=\"57\" data-block-id=\"21\">\n<p class=\" content-text__container \" data-track-category=\"Link no Texto\" data-track-links=\"\">\u201cThe Federal Police points to several actions by the reporting justice, Andr\u00e9 Mendon\u00e7a, that, in theory, constitute administrative misconduct, impeachable offenses and abuse of authority, including the targeting of specific individuals for investigation for personal and political reasons, in an attempt to incriminate Justice Alexandre de Moraes and Senator Davi Alcolumbre,\u201d one passage of the decision says.<\/p>\n<\/div>\n<div class=\"mc-column content-text active-extra-styles \" data-block-type=\"unstyled\" data-block-weight=\"39\" data-block-id=\"22\">\n<p class=\" content-text__container \" data-track-category=\"Link no Texto\" data-track-links=\"\">Moraes says neither the Federal Police nor the Prosecutor General\u2019s Office (PGR) accused him of committing crimes. He argues that Mendon\u00e7a therefore sought to investigate him in an effort to uncover criminal offenses that could be used against him.<\/p>\n<\/div>\n<div class=\"mc-column content-text active-extra-styles \" data-block-type=\"unstyled\" data-block-weight=\"2\" data-block-id=\"24\">\n<p class=\" content-text__container \" data-track-category=\"Link no Texto\" data-track-links=\"\"><strong>Fachin\u2019s review<\/strong><\/p>\n<\/div>\n<div class=\"mc-column content-text active-extra-styles \" data-block-type=\"unstyled\" data-block-weight=\"24\" data-block-id=\"25\">\n<p class=\" content-text__container \" data-track-category=\"Link no Texto\" data-track-links=\"\">Shortly after Moraes\u2019s order became public, Fachin requested information from Moraes, Mendon\u00e7a, the PGR and the Federal Police about the report citing Vorcaro\u2019s messages.<\/p>\n<\/div>\n<div class=\"mc-column content-text active-extra-styles \" data-block-type=\"unstyled\" data-block-weight=\"30\" data-block-id=\"26\">\n<p class=\" content-text__container \" data-track-category=\"Link no Texto\" data-track-links=\"\">The measures are intended to establish the full circumstances surrounding the production of the report ordered by Mendon\u00e7a on conversations found on Vorcaro\u2019s phone that exposed his relationship with Moraes.<\/p>\n<\/div>\n<div class=\"mc-column content-text active-extra-styles \" data-block-type=\"unstyled\" data-block-weight=\"35\" data-block-id=\"27\">\n<p class=\" content-text__container \" data-track-category=\"Link no Texto\" data-track-links=\"\">The chief justice wants to review all the information before submitting the report to the Supreme Court\u2019s full bench to discuss what steps should be taken, including the possibility of opening an investigation into Moraes.<\/p>\n<\/div>\n<div class=\"mc-column content-text active-extra-styles \" data-block-type=\"unstyled\" data-block-weight=\"45\" data-block-id=\"28\">\n<p class=\" content-text__container \" data-track-category=\"Link no Texto\" data-track-links=\"\">Among the information Fachin requested were details on compliance with the Judiciary Organic Law, any access to private documents or confidential information, and the circumstances surrounding a police operation. Fachin also wants clarification on the conditions under which Mendon\u00e7a ordered the report to be produced.<\/p>\n<\/div>\n<div class=\"mc-column content-text active-extra-styles \" data-block-type=\"unstyled\" data-block-weight=\"2\" data-block-id=\"29\">\n<p class=\" content-text__container \" data-track-category=\"Link no Texto\" data-track-links=\"\"><strong>Police presence<\/strong><\/p>\n<\/div>\n<div class=\"mc-column content-text active-extra-styles \" data-block-type=\"unstyled\" data-block-weight=\"27\" data-block-id=\"30\">\n<p class=\" content-text__container \" data-track-category=\"Link no Texto\" data-track-links=\"\">Before the crisis escalated, the court\u2019s longest-serving justice, Gilmar Mendes, said he had suggested to Fachin that Federal Police officials be barred from working in justices\u2019 chambers.<\/p>\n<\/div>\n<div class=\"mc-column content-text active-extra-styles \" data-block-type=\"unstyled\" data-block-weight=\"29\" data-block-id=\"31\">\n<p class=\" content-text__container \" data-track-category=\"Link no Texto\" data-track-links=\"\">Mendes said such arrangements tend to influence the handling of investigations overseen by Supreme Court justices. He also said he considered such close relationships between investigators and judges inappropriate.<\/p>\n<\/div>\n<div class=\"mc-column content-text active-extra-styles \" data-block-type=\"unstyled\" data-block-weight=\"30\" data-block-id=\"32\">\n<p class=\" content-text__container \" data-track-category=\"Link no Texto\" data-track-links=\"\">Four Federal Police officials currently work at the Supreme Court. Two are assigned to Mendon\u00e7a\u2019s chambers. Moraes is also assisted by one, while another works in the court\u2019s security division.<\/p>\n<\/div>\n<div class=\"mc-column content-text active-extra-styles \" data-block-type=\"unstyled\" data-block-weight=\"26\" data-block-id=\"33\">\n<p class=\" content-text__container \" data-track-category=\"Link no Texto\" data-track-links=\"\">On Thursday (Sept. 3), as he left the Senate chamber, Alcolumbre was asked about Moraes\u2019s request concerning Mendon\u00e7a. He said he was unaware of the decision.<\/p>\n<\/div>\n<div class=\"mc-column content-text active-extra-styles \" data-block-type=\"unstyled\" data-block-weight=\"15\" data-block-id=\"34\">\n<p class=\" content-text__container \" data-track-category=\"Link no Texto\" data-track-links=\"\">\u201cI don\u2019t know anything about it. I don\u2019t know what the decision was,\u201d he said.<\/p>\n<\/div>\n<div class=\"mc-column content-text active-extra-styles \" data-block-type=\"unstyled\" data-block-weight=\"4\" data-block-id=\"35\">\n<p class=\" content-text__container \" data-track-category=\"Link no Texto\" data-track-links=\"\"><em>(Gabriela Guido contributed reporting.)<\/em><\/p>\n<p data-track-category=\"Link no Texto\" data-track-links=\"\">*By\u00a0Tiago Angelo,\u00a0Giullia Colombo\u00a0and\u00a0Mateus Coutinho\u00a0\u2014 Bras\u00edlia<\/p>\n<p data-track-category=\"Link no Texto\" data-track-links=\"\">Source: Valoar International<\/p>\n<p>https:\/\/valorinternational.globo.com\/<\/p>\n<\/div>\n<\/div>\n<\/article>\n<\/div>\n","protected":false},"excerpt":{"rendered":"<p>Alexandre de Moraes\u2019s request alleges abuse of authority and political targeting after Andr\u00e9 Mendon\u00e7a unsealed a report citing messages from former Banco Master owner Daniel Vorcaro &nbsp; &nbsp; 09\/04\/2026 Alexandre de Moraes \u2014 Photo: Brenno Carvalho \/ Ag\u00eancia O Globo Supreme Court Justice Alexandre de Moraes has asked for fellow Justice Andr\u00e9 Mendon\u00e7a to be [&hellip;]<\/p>\n","protected":false},"author":2,"featured_media":0,"comment_status":"closed","ping_status":"closed","sticky":false,"template":"","format":"standard","meta":{"footnotes":""},"categories":[8106],"tags":[27148,27147],"class_list":["post-99942","post","type-post","status-publish","format-standard","hentry","category-murray-news","tag-as-crisis-deepens","tag-supreme-court-justice-seeks-probe-of-colleague"],"yoast_head":"<!-- This site is optimized with the Yoast SEO plugin v27.0 - https:\/\/yoast.com\/product\/yoast-seo-wordpress\/ -->\n<title>Supreme Court justice seeks probe of colleague as crisis deepens - Murray Advogados<\/title>\n<meta name=\"robots\" content=\"index, follow, max-snippet:-1, max-image-preview:large, max-video-preview:-1\" \/>\n<link rel=\"canonical\" href=\"https:\/\/murray.adv.br\/en\/supreme-court-justice-seeks-probe-of-colleague-as-crisis-deepens\/\" \/>\n<meta property=\"og:locale\" content=\"en_US\" \/>\n<meta property=\"og:type\" content=\"article\" \/>\n<meta property=\"og:title\" content=\"Supreme Court justice seeks probe of colleague as crisis deepens - Murray Advogados\" \/>\n<meta property=\"og:description\" content=\"Alexandre de Moraes\u2019s request alleges abuse of authority and political targeting after Andr\u00e9 Mendon\u00e7a unsealed a report citing messages from former Banco Master owner Daniel Vorcaro &nbsp; &nbsp; 09\/04\/2026 Alexandre de Moraes \u2014 Photo: Brenno Carvalho \/ Ag\u00eancia O Globo Supreme Court Justice Alexandre de Moraes has asked for fellow Justice Andr\u00e9 Mendon\u00e7a to be [&hellip;]\" \/>\n<meta property=\"og:url\" content=\"https:\/\/murray.adv.br\/en\/supreme-court-justice-seeks-probe-of-colleague-as-crisis-deepens\/\" \/>\n<meta property=\"og:site_name\" content=\"Murray Advogados\" \/>\n<meta property=\"article:published_time\" content=\"2026-09-04T20:03:55+00:00\" \/>\n<meta property=\"og:image\" content=\"https:\/\/s2-valorinternational.glbimg.com\/dClU6yU9bfBAKx4GFrjqHF4vWC0=\/0x0:1548x906\/984x0\/smart\/filters:strip_icc()\/i.s3.glbimg.com\/v1\/AUTH_37554604729d4b2f9f3eb9ad8a691345\/internal_photos\/bs\/2026\/4\/4\/dzUaT1TYii7ts2b2NDIw\/foto04pol-101-moraes-a12.jpg\" \/>\n<meta name=\"author\" content=\"Gelcy Bueno\" \/>\n<meta name=\"twitter:card\" content=\"summary_large_image\" \/>\n<meta name=\"twitter:label1\" content=\"Written by\" \/>\n\t<meta name=\"twitter:data1\" content=\"Gelcy Bueno\" \/>\n\t<meta name=\"twitter:label2\" content=\"Est. reading time\" \/>\n\t<meta name=\"twitter:data2\" content=\"6 minutes\" \/>\n<script type=\"application\/ld+json\" class=\"yoast-schema-graph\">{\"@context\":\"https:\/\/schema.org\",\"@graph\":[{\"@type\":\"Article\",\"@id\":\"https:\/\/murray.adv.br\/en\/supreme-court-justice-seeks-probe-of-colleague-as-crisis-deepens\/#article\",\"isPartOf\":{\"@id\":\"https:\/\/murray.adv.br\/en\/supreme-court-justice-seeks-probe-of-colleague-as-crisis-deepens\/\"},\"author\":{\"name\":\"Gelcy Bueno\",\"@id\":\"https:\/\/murray.adv.br\/en\/#\/schema\/person\/dd0d0bea46c2436124555d18c1a0d52e\"},\"headline\":\"Supreme Court justice seeks probe of colleague as crisis deepens\",\"datePublished\":\"2026-09-04T20:03:55+00:00\",\"mainEntityOfPage\":{\"@id\":\"https:\/\/murray.adv.br\/en\/supreme-court-justice-seeks-probe-of-colleague-as-crisis-deepens\/\"},\"wordCount\":1039,\"image\":{\"@id\":\"https:\/\/murray.adv.br\/en\/supreme-court-justice-seeks-probe-of-colleague-as-crisis-deepens\/#primaryimage\"},\"thumbnailUrl\":\"https:\/\/s2-valorinternational.glbimg.com\/dClU6yU9bfBAKx4GFrjqHF4vWC0=\/0x0:1548x906\/984x0\/smart\/filters:strip_icc()\/i.s3.glbimg.com\/v1\/AUTH_37554604729d4b2f9f3eb9ad8a691345\/internal_photos\/bs\/2026\/4\/4\/dzUaT1TYii7ts2b2NDIw\/foto04pol-101-moraes-a12.jpg\",\"keywords\":[\"as crisis deepens\",\"Supreme Court justice seeks probe of colleague\"],\"articleSection\":[\"Murray News\"],\"inLanguage\":\"en-US\"},{\"@type\":\"WebPage\",\"@id\":\"https:\/\/murray.adv.br\/en\/supreme-court-justice-seeks-probe-of-colleague-as-crisis-deepens\/\",\"url\":\"https:\/\/murray.adv.br\/en\/supreme-court-justice-seeks-probe-of-colleague-as-crisis-deepens\/\",\"name\":\"Supreme Court justice seeks probe of colleague as crisis deepens - Murray Advogados\",\"isPartOf\":{\"@id\":\"https:\/\/murray.adv.br\/en\/#website\"},\"primaryImageOfPage\":{\"@id\":\"https:\/\/murray.adv.br\/en\/supreme-court-justice-seeks-probe-of-colleague-as-crisis-deepens\/#primaryimage\"},\"image\":{\"@id\":\"https:\/\/murray.adv.br\/en\/supreme-court-justice-seeks-probe-of-colleague-as-crisis-deepens\/#primaryimage\"},\"thumbnailUrl\":\"https:\/\/s2-valorinternational.glbimg.com\/dClU6yU9bfBAKx4GFrjqHF4vWC0=\/0x0:1548x906\/984x0\/smart\/filters:strip_icc()\/i.s3.glbimg.com\/v1\/AUTH_37554604729d4b2f9f3eb9ad8a691345\/internal_photos\/bs\/2026\/4\/4\/dzUaT1TYii7ts2b2NDIw\/foto04pol-101-moraes-a12.jpg\",\"datePublished\":\"2026-09-04T20:03:55+00:00\",\"author\":{\"@id\":\"https:\/\/murray.adv.br\/en\/#\/schema\/person\/dd0d0bea46c2436124555d18c1a0d52e\"},\"breadcrumb\":{\"@id\":\"https:\/\/murray.adv.br\/en\/supreme-court-justice-seeks-probe-of-colleague-as-crisis-deepens\/#breadcrumb\"},\"inLanguage\":\"en-US\",\"potentialAction\":[{\"@type\":\"ReadAction\",\"target\":[\"https:\/\/murray.adv.br\/en\/supreme-court-justice-seeks-probe-of-colleague-as-crisis-deepens\/\"]}]},{\"@type\":\"ImageObject\",\"inLanguage\":\"en-US\",\"@id\":\"https:\/\/murray.adv.br\/en\/supreme-court-justice-seeks-probe-of-colleague-as-crisis-deepens\/#primaryimage\",\"url\":\"https:\/\/s2-valorinternational.glbimg.com\/dClU6yU9bfBAKx4GFrjqHF4vWC0=\/0x0:1548x906\/984x0\/smart\/filters:strip_icc()\/i.s3.glbimg.com\/v1\/AUTH_37554604729d4b2f9f3eb9ad8a691345\/internal_photos\/bs\/2026\/4\/4\/dzUaT1TYii7ts2b2NDIw\/foto04pol-101-moraes-a12.jpg\",\"contentUrl\":\"https:\/\/s2-valorinternational.glbimg.com\/dClU6yU9bfBAKx4GFrjqHF4vWC0=\/0x0:1548x906\/984x0\/smart\/filters:strip_icc()\/i.s3.glbimg.com\/v1\/AUTH_37554604729d4b2f9f3eb9ad8a691345\/internal_photos\/bs\/2026\/4\/4\/dzUaT1TYii7ts2b2NDIw\/foto04pol-101-moraes-a12.jpg\"},{\"@type\":\"BreadcrumbList\",\"@id\":\"https:\/\/murray.adv.br\/en\/supreme-court-justice-seeks-probe-of-colleague-as-crisis-deepens\/#breadcrumb\",\"itemListElement\":[{\"@type\":\"ListItem\",\"position\":1,\"name\":\"In\u00edcio\",\"item\":\"https:\/\/murray.adv.br\/en\/home\/\"},{\"@type\":\"ListItem\",\"position\":2,\"name\":\"Supreme Court justice seeks probe of colleague as crisis deepens\"}]},{\"@type\":\"WebSite\",\"@id\":\"https:\/\/murray.adv.br\/en\/#website\",\"url\":\"https:\/\/murray.adv.br\/en\/\",\"name\":\"Murray Advogados\",\"description\":\"PLG International Lawyers\",\"potentialAction\":[{\"@type\":\"SearchAction\",\"target\":{\"@type\":\"EntryPoint\",\"urlTemplate\":\"https:\/\/murray.adv.br\/en\/?s={search_term_string}\"},\"query-input\":{\"@type\":\"PropertyValueSpecification\",\"valueRequired\":true,\"valueName\":\"search_term_string\"}}],\"inLanguage\":\"en-US\"},{\"@type\":\"Person\",\"@id\":\"https:\/\/murray.adv.br\/en\/#\/schema\/person\/dd0d0bea46c2436124555d18c1a0d52e\",\"name\":\"Gelcy Bueno\",\"image\":{\"@type\":\"ImageObject\",\"inLanguage\":\"en-US\",\"@id\":\"https:\/\/murray.adv.br\/en\/#\/schema\/person\/image\/\",\"url\":\"https:\/\/secure.gravatar.com\/avatar\/1ef2acfe966d6deacdeccd2a24ea89192c41fd05fc60e57b79021358a47f5641?s=96&d=mm&r=g\",\"contentUrl\":\"https:\/\/secure.gravatar.com\/avatar\/1ef2acfe966d6deacdeccd2a24ea89192c41fd05fc60e57b79021358a47f5641?s=96&d=mm&r=g\",\"caption\":\"Gelcy Bueno\"},\"url\":\"https:\/\/murray.adv.br\/en\/author\/news\/\"}]}<\/script>\n<!-- \/ Yoast SEO plugin. -->","yoast_head_json":{"title":"Supreme Court justice seeks probe of colleague as crisis deepens - Murray Advogados","robots":{"index":"index","follow":"follow","max-snippet":"max-snippet:-1","max-image-preview":"max-image-preview:large","max-video-preview":"max-video-preview:-1"},"canonical":"https:\/\/murray.adv.br\/en\/supreme-court-justice-seeks-probe-of-colleague-as-crisis-deepens\/","og_locale":"en_US","og_type":"article","og_title":"Supreme Court justice seeks probe of colleague as crisis deepens - Murray Advogados","og_description":"Alexandre de Moraes\u2019s request alleges abuse of authority and political targeting after Andr\u00e9 Mendon\u00e7a unsealed a report citing messages from former Banco Master owner Daniel Vorcaro &nbsp; &nbsp; 09\/04\/2026 Alexandre de Moraes \u2014 Photo: Brenno Carvalho \/ Ag\u00eancia O Globo Supreme Court Justice Alexandre de Moraes has asked for fellow Justice Andr\u00e9 Mendon\u00e7a to be [&hellip;]","og_url":"https:\/\/murray.adv.br\/en\/supreme-court-justice-seeks-probe-of-colleague-as-crisis-deepens\/","og_site_name":"Murray Advogados","article_published_time":"2026-09-04T20:03:55+00:00","og_image":[{"url":"https:\/\/s2-valorinternational.glbimg.com\/dClU6yU9bfBAKx4GFrjqHF4vWC0=\/0x0:1548x906\/984x0\/smart\/filters:strip_icc()\/i.s3.glbimg.com\/v1\/AUTH_37554604729d4b2f9f3eb9ad8a691345\/internal_photos\/bs\/2026\/4\/4\/dzUaT1TYii7ts2b2NDIw\/foto04pol-101-moraes-a12.jpg","type":"","width":"","height":""}],"author":"Gelcy Bueno","twitter_card":"summary_large_image","twitter_misc":{"Written by":"Gelcy Bueno","Est. reading time":"6 minutes"},"schema":{"@context":"https:\/\/schema.org","@graph":[{"@type":"Article","@id":"https:\/\/murray.adv.br\/en\/supreme-court-justice-seeks-probe-of-colleague-as-crisis-deepens\/#article","isPartOf":{"@id":"https:\/\/murray.adv.br\/en\/supreme-court-justice-seeks-probe-of-colleague-as-crisis-deepens\/"},"author":{"name":"Gelcy Bueno","@id":"https:\/\/murray.adv.br\/en\/#\/schema\/person\/dd0d0bea46c2436124555d18c1a0d52e"},"headline":"Supreme Court justice seeks probe of colleague as crisis deepens","datePublished":"2026-09-04T20:03:55+00:00","mainEntityOfPage":{"@id":"https:\/\/murray.adv.br\/en\/supreme-court-justice-seeks-probe-of-colleague-as-crisis-deepens\/"},"wordCount":1039,"image":{"@id":"https:\/\/murray.adv.br\/en\/supreme-court-justice-seeks-probe-of-colleague-as-crisis-deepens\/#primaryimage"},"thumbnailUrl":"https:\/\/s2-valorinternational.glbimg.com\/dClU6yU9bfBAKx4GFrjqHF4vWC0=\/0x0:1548x906\/984x0\/smart\/filters:strip_icc()\/i.s3.glbimg.com\/v1\/AUTH_37554604729d4b2f9f3eb9ad8a691345\/internal_photos\/bs\/2026\/4\/4\/dzUaT1TYii7ts2b2NDIw\/foto04pol-101-moraes-a12.jpg","keywords":["as crisis deepens","Supreme Court justice seeks probe of colleague"],"articleSection":["Murray News"],"inLanguage":"en-US"},{"@type":"WebPage","@id":"https:\/\/murray.adv.br\/en\/supreme-court-justice-seeks-probe-of-colleague-as-crisis-deepens\/","url":"https:\/\/murray.adv.br\/en\/supreme-court-justice-seeks-probe-of-colleague-as-crisis-deepens\/","name":"Supreme Court justice seeks probe of colleague as crisis deepens - Murray Advogados","isPartOf":{"@id":"https:\/\/murray.adv.br\/en\/#website"},"primaryImageOfPage":{"@id":"https:\/\/murray.adv.br\/en\/supreme-court-justice-seeks-probe-of-colleague-as-crisis-deepens\/#primaryimage"},"image":{"@id":"https:\/\/murray.adv.br\/en\/supreme-court-justice-seeks-probe-of-colleague-as-crisis-deepens\/#primaryimage"},"thumbnailUrl":"https:\/\/s2-valorinternational.glbimg.com\/dClU6yU9bfBAKx4GFrjqHF4vWC0=\/0x0:1548x906\/984x0\/smart\/filters:strip_icc()\/i.s3.glbimg.com\/v1\/AUTH_37554604729d4b2f9f3eb9ad8a691345\/internal_photos\/bs\/2026\/4\/4\/dzUaT1TYii7ts2b2NDIw\/foto04pol-101-moraes-a12.jpg","datePublished":"2026-09-04T20:03:55+00:00","author":{"@id":"https:\/\/murray.adv.br\/en\/#\/schema\/person\/dd0d0bea46c2436124555d18c1a0d52e"},"breadcrumb":{"@id":"https:\/\/murray.adv.br\/en\/supreme-court-justice-seeks-probe-of-colleague-as-crisis-deepens\/#breadcrumb"},"inLanguage":"en-US","potentialAction":[{"@type":"ReadAction","target":["https:\/\/murray.adv.br\/en\/supreme-court-justice-seeks-probe-of-colleague-as-crisis-deepens\/"]}]},{"@type":"ImageObject","inLanguage":"en-US","@id":"https:\/\/murray.adv.br\/en\/supreme-court-justice-seeks-probe-of-colleague-as-crisis-deepens\/#primaryimage","url":"https:\/\/s2-valorinternational.glbimg.com\/dClU6yU9bfBAKx4GFrjqHF4vWC0=\/0x0:1548x906\/984x0\/smart\/filters:strip_icc()\/i.s3.glbimg.com\/v1\/AUTH_37554604729d4b2f9f3eb9ad8a691345\/internal_photos\/bs\/2026\/4\/4\/dzUaT1TYii7ts2b2NDIw\/foto04pol-101-moraes-a12.jpg","contentUrl":"https:\/\/s2-valorinternational.glbimg.com\/dClU6yU9bfBAKx4GFrjqHF4vWC0=\/0x0:1548x906\/984x0\/smart\/filters:strip_icc()\/i.s3.glbimg.com\/v1\/AUTH_37554604729d4b2f9f3eb9ad8a691345\/internal_photos\/bs\/2026\/4\/4\/dzUaT1TYii7ts2b2NDIw\/foto04pol-101-moraes-a12.jpg"},{"@type":"BreadcrumbList","@id":"https:\/\/murray.adv.br\/en\/supreme-court-justice-seeks-probe-of-colleague-as-crisis-deepens\/#breadcrumb","itemListElement":[{"@type":"ListItem","position":1,"name":"In\u00edcio","item":"https:\/\/murray.adv.br\/en\/home\/"},{"@type":"ListItem","position":2,"name":"Supreme Court justice seeks probe of colleague as crisis deepens"}]},{"@type":"WebSite","@id":"https:\/\/murray.adv.br\/en\/#website","url":"https:\/\/murray.adv.br\/en\/","name":"Murray Advogados","description":"PLG International Lawyers","potentialAction":[{"@type":"SearchAction","target":{"@type":"EntryPoint","urlTemplate":"https:\/\/murray.adv.br\/en\/?s={search_term_string}"},"query-input":{"@type":"PropertyValueSpecification","valueRequired":true,"valueName":"search_term_string"}}],"inLanguage":"en-US"},{"@type":"Person","@id":"https:\/\/murray.adv.br\/en\/#\/schema\/person\/dd0d0bea46c2436124555d18c1a0d52e","name":"Gelcy Bueno","image":{"@type":"ImageObject","inLanguage":"en-US","@id":"https:\/\/murray.adv.br\/en\/#\/schema\/person\/image\/","url":"https:\/\/secure.gravatar.com\/avatar\/1ef2acfe966d6deacdeccd2a24ea89192c41fd05fc60e57b79021358a47f5641?s=96&d=mm&r=g","contentUrl":"https:\/\/secure.gravatar.com\/avatar\/1ef2acfe966d6deacdeccd2a24ea89192c41fd05fc60e57b79021358a47f5641?s=96&d=mm&r=g","caption":"Gelcy Bueno"},"url":"https:\/\/murray.adv.br\/en\/author\/news\/"}]}},"_links":{"self":[{"href":"https:\/\/murray.adv.br\/en\/wp-json\/wp\/v2\/posts\/99942","targetHints":{"allow":["GET"]}}],"collection":[{"href":"https:\/\/murray.adv.br\/en\/wp-json\/wp\/v2\/posts"}],"about":[{"href":"https:\/\/murray.adv.br\/en\/wp-json\/wp\/v2\/types\/post"}],"author":[{"embeddable":true,"href":"https:\/\/murray.adv.br\/en\/wp-json\/wp\/v2\/users\/2"}],"replies":[{"embeddable":true,"href":"https:\/\/murray.adv.br\/en\/wp-json\/wp\/v2\/comments?post=99942"}],"version-history":[{"count":2,"href":"https:\/\/murray.adv.br\/en\/wp-json\/wp\/v2\/posts\/99942\/revisions"}],"predecessor-version":[{"id":99944,"href":"https:\/\/murray.adv.br\/en\/wp-json\/wp\/v2\/posts\/99942\/revisions\/99944"}],"wp:attachment":[{"href":"https:\/\/murray.adv.br\/en\/wp-json\/wp\/v2\/media?parent=99942"}],"wp:term":[{"taxonomy":"category","embeddable":true,"href":"https:\/\/murray.adv.br\/en\/wp-json\/wp\/v2\/categories?post=99942"},{"taxonomy":"post_tag","embeddable":true,"href":"https:\/\/murray.adv.br\/en\/wp-json\/wp\/v2\/tags?post=99942"}],"curies":[{"name":"wp","href":"https:\/\/api.w.org\/{rel}","templated":true}]}}