{"id":98305,"date":"2026-04-27T13:48:42","date_gmt":"2026-04-27T16:48:42","guid":{"rendered":"https:\/\/murray.adv.br\/?p=98305"},"modified":"2026-04-27T13:48:42","modified_gmt":"2026-04-27T16:48:42","slug":"central-bank-set-to-cut-selic-by-25bp-amid-war-fears","status":"publish","type":"post","link":"https:\/\/murray.adv.br\/en\/central-bank-set-to-cut-selic-by-25bp-amid-war-fears\/","title":{"rendered":"Central Bank set to cut Selic by 25bp amid war fears"},"content":{"rendered":"<section class=\"content--header\">\n<div class=\"row content-head non-featured \">\n<div class=\"title\">\n<h6 class=\"content-head__title\" style=\"text-align: center\"><em><strong>Most market participants expect Brazil\u2019s Monetary Policy Committee to lower base rate to 14.5%, while signaling caution on inflation risks<\/strong><\/em><\/h6>\n<\/div>\n<\/div>\n<div class=\"content__signa-share\">\n<div class=\"content__signature\">\n<div class=\"content-publication-data\">\n<div class=\"content-publication-data__text\">\n<div class=\"content-publication-data__from\"><\/div>\n<p>&nbsp;<\/p>\n<p>&nbsp;<\/p>\n<p class=\"content-publication-data__updated\"><time datetime=\"2026-04-27T07:27:55.781-03:00\">04\/27\/2026\u00a0<\/time><\/p>\n<\/div>\n<\/div>\n<\/div>\n<\/div>\n<\/section>\n<div id=\"mc-article-body\" class=\"mc-article-body \">\n<article>\n<div class=\"no-paywall\">\n<div class=\"mc-column content-text active-extra-styles \" data-block-type=\"unstyled\" data-block-weight=\"60\" data-block-id=\"2\">\n<p class=\" content-text__container \" data-track-category=\"Link no Texto\" data-track-links=\"\" data-mrf-recirculation=\"Article links\">With the Selic base rate deep in contractionary territory, but against a backdrop of high uncertainty and inflationary pressure from the war in the Middle East, the Central Bank\u2019s Monetary Policy Committee (COPOM) is expected to repeat its latest decision and cut the benchmark interest rate by another 25 basis points, to 14.5%, at the meeting that ends Wednesday (29).<\/p>\n<\/div>\n<div class=\"wall protected-content\">\n<div class=\"mc-column content-text active-extra-styles \" data-block-type=\"unstyled\" data-block-weight=\"31\" data-block-id=\"3\">\n<p class=\" content-text__container \" data-track-category=\"Link no Texto\" data-track-links=\"\" data-mrf-recirculation=\"Article links\">That is the expectation of the vast majority of the 122 market participants, including banks, asset managers, and consultancies, surveyed by Valor less than a week before the committee\u2019s next decision.<\/p>\n<\/div>\n<div class=\"mc-column content-text active-extra-styles \" data-block-type=\"unstyled\" data-block-weight=\"35\" data-block-id=\"4\">\n<p class=\" content-text__container \" data-track-category=\"Link no Texto\" data-track-links=\"\" data-mrf-recirculation=\"Article links\">In all, 114 firms expect the Selic to end this month at 14.5%, while five expect rates to remain at the current level and only two believe a larger, 50-basis-point cut would be more appropriate.<\/p>\n<\/div>\n<div class=\"mc-column content-text active-extra-styles \" data-block-type=\"unstyled\" data-block-weight=\"37\" data-block-id=\"6\">\n<p class=\" content-text__container \" data-track-category=\"Link no Texto\" data-track-links=\"\" data-mrf-recirculation=\"Article links\">With no signs that the war involving the United States, Israel, Iran, and Lebanon will end soon, oil prices have remained around $100 a barrel for most of the period since COPOM\u2019s last meeting, on March 18.<\/p>\n<\/div>\n<div class=\"mc-column content-text active-extra-styles \" data-block-type=\"unstyled\" data-block-weight=\"48\" data-block-id=\"7\">\n<p class=\" content-text__container \" data-track-category=\"Link no Texto\" data-track-links=\"\" data-mrf-recirculation=\"Article links\">As a result, the market\u2019s inflation outlook has worsened, and the Central Bank\u2019s Focus survey now points to the IPCA, Brazil\u2019s benchmark inflation index, above the upper limit of the target range in 2026 and, for next year, inflation well above the 3% pursued by the monetary authority.<\/p>\n<\/div>\n<div class=\"mc-column content-text active-extra-styles \" data-block-type=\"unstyled\" data-block-weight=\"34\" data-block-id=\"8\">\n<p class=\" content-text__container \" data-track-category=\"Link no Texto\" data-track-links=\"\" data-mrf-recirculation=\"Article links\">Even so, the near-unanimous expectation is that COPOM still has room to \u201ccalibrate\u201d the degree of monetary tightening, as the committee puts it, since the current Selic level is significantly weighing on economic activity.<\/p>\n<\/div>\n<div class=\"mc-column content-text active-extra-styles \" data-block-type=\"unstyled\" data-block-weight=\"3\" data-block-id=\"9\">\n<p class=\" content-text__container \" data-track-category=\"Link no Texto\" data-track-links=\"\" data-mrf-recirculation=\"Article links\"><strong>Speeding up cuts<\/strong><\/p>\n<\/div>\n<div class=\"mc-column content-text active-extra-styles \" data-block-type=\"unstyled\" data-block-weight=\"54\" data-block-id=\"10\">\n<p class=\" content-text__container \" data-track-category=\"Link no Texto\" data-track-links=\"\" data-mrf-recirculation=\"Article links\">Morgan Stanley\u2019s chief Brazil economist, Ana Madeira, maintains a more dovish view than the market consensus. She expects the Central Bank to cut the Selic by 25 basis points this week, but says it could speed up the pace in June and take the benchmark rate to 12% by the end of the year.<\/p>\n<\/div>\n<div class=\"mc-column content-text active-extra-styles \" data-block-type=\"unstyled\" data-block-weight=\"47\" data-block-id=\"11\">\n<p class=\" content-text__container \" data-track-category=\"Link no Texto\" data-track-links=\"\" data-mrf-recirculation=\"Article links\">That view was formed after observing that, despite the volatility that followed the outbreak of the Middle East conflict, the Central Bank continued to signal that it intended to keep cutting rates and planned to calibrate rates that, by the end of the cycle, would remain restrictive.<\/p>\n<\/div>\n<div class=\"mc-column content-text active-extra-styles \" data-block-type=\"unstyled\" data-block-weight=\"61\" data-block-id=\"12\">\n<p class=\" content-text__container \" data-track-category=\"Link no Texto\" data-track-links=\"\" data-mrf-recirculation=\"Article links\">\u201cThis expectation is based, in part, on some improvement in the external scenario, especially in oil prices. But, of course, if there is no easing on the geopolitical front and oil remains under pressure, we acknowledge it will be difficult for the Central Bank to have a solid enough argument to explain an acceleration in the pace of cuts,\u201d she said.<\/p>\n<\/div>\n<div class=\"mc-column content-text active-extra-styles \" data-block-type=\"unstyled\" data-block-weight=\"23\" data-block-id=\"14\">\n<p class=\" content-text__container \" data-track-category=\"Link no Texto\" data-track-links=\"\" data-mrf-recirculation=\"Article links\">For Madeira, however, the slowdown in the economy continues to point to the need to calibrate the degree of restrictiveness in monetary policy.<\/p>\n<\/div>\n<div class=\"mc-column content-text active-extra-styles \" data-block-type=\"unstyled\" data-block-weight=\"38\" data-block-id=\"15\">\n<p class=\" content-text__container \" data-track-category=\"Link no Texto\" data-track-links=\"\" data-mrf-recirculation=\"Article links\">\u201cAn acceleration to 50 basis points depends on the international scenario, but the 25-basis-point pace can continue, especially when we look at the domestic backdrop,\u201d Madeira said, even though she sees the inflation outlook as a concern.<\/p>\n<\/div>\n<div class=\"mc-column content-text active-extra-styles \" data-block-type=\"unstyled\" data-block-weight=\"20\" data-block-id=\"16\">\n<p class=\" content-text__container \" data-track-category=\"Link no Texto\" data-track-links=\"\" data-mrf-recirculation=\"Article links\">Morgan Stanley raised its IPCA forecast for this year to 4.5% from 3.9% and kept its 2027 estimate at 3.6%.<\/p>\n<\/div>\n<div class=\"mc-column content-text active-extra-styles \" data-block-type=\"unstyled\" data-block-weight=\"42\" data-block-id=\"17\">\n<p class=\" content-text__container \" data-track-category=\"Link no Texto\" data-track-links=\"\" data-mrf-recirculation=\"Article links\">As for communication, Madeira believes Wednesday\u2019s decision is likely to resemble the statement issued in March in tone. Some changes, however, are expected, particularly in the balance of risks. She expects the balance to become asymmetric, with upside risks to inflation.<\/p>\n<\/div>\n<div class=\"mc-column content-text active-extra-styles \" data-block-type=\"unstyled\" data-block-weight=\"26\" data-block-id=\"18\">\n<p class=\" content-text__container \" data-track-category=\"Link no Texto\" data-track-links=\"\" data-mrf-recirculation=\"Article links\">\u201cBut in terms of guidance, I believe the Central Bank will continue to suggest that calibration should continue ahead, without committing to any pace of cuts.\u201d<\/p>\n<\/div>\n<div class=\"mc-column content-text active-extra-styles \" data-block-type=\"unstyled\" data-block-weight=\"3\" data-block-id=\"19\">\n<p class=\" content-text__container \" data-track-category=\"Link no Texto\" data-track-links=\"\" data-mrf-recirculation=\"Article links\"><strong>Key communication<\/strong><\/p>\n<\/div>\n<div class=\"mc-column content-text active-extra-styles \" data-block-type=\"unstyled\" data-block-weight=\"33\" data-block-id=\"20\">\n<p class=\" content-text__container \" data-track-category=\"Link no Texto\" data-track-links=\"\" data-mrf-recirculation=\"Article links\">Amid the uncertainty created by the war, COPOM\u2019s communication will be crucial to understanding its next steps, said Fabiano Soares dos Santos, investment director at Funpresp, Brazil\u2019s pension fund for federal civil servants.<\/p>\n<\/div>\n<div class=\"mc-column content-text active-extra-styles \" data-block-type=\"unstyled\" data-block-weight=\"90\" data-block-id=\"21\">\n<p class=\" content-text__container \" data-track-category=\"Link no Texto\" data-track-links=\"\" data-mrf-recirculation=\"Article links\">\u201cWe know market volatility has increased a lot and that, in March, at the COPOM meeting, the conflict in the Middle East was still very recent and there was still no measure of the impacts. Looking at it now, the Central Bank still does not have the necessary requirements to change monetary policy, and the market still believes in the downward trend for the Selic, even though there is more uncertainty,\u201d Soares said. He expects a 25-basis-point cut this week and a Selic of 12.5% at the end of 2026.<\/p>\n<\/div>\n<div class=\"mc-column content-text active-extra-styles \" data-block-type=\"unstyled\" data-block-weight=\"50\" data-block-id=\"22\">\n<p class=\" content-text__container \" data-track-category=\"Link no Texto\" data-track-links=\"\" data-mrf-recirculation=\"Article links\">Luis Cezario, chief economist at Asset 1, does not expect significant changes in COPOM\u2019s communication. Even on the balance of risks, while he sees some upside asymmetry in the inflation outlook today, he said it is unclear whether the committee will have enough consensus to change its assessment from \u201csymmetric.\u201d<\/p>\n<\/div>\n<div class=\"mc-column content-text active-extra-styles \" data-block-type=\"unstyled\" data-block-weight=\"65\" data-block-id=\"24\">\n<p class=\" content-text__container \" data-track-category=\"Link no Texto\" data-track-links=\"\" data-mrf-recirculation=\"Article links\">In any case, Cezario is aligned with the market consensus in seeing a 25-basis-point Selic cut as the most likely decision, without a clear indication of what COPOM will do next. \u201cMy impression is that the tone will remain similar to the previous statement: it will signal that there is room to keep cutting, but avoid giving clear guidance on the pace,\u201d he said.<\/p>\n<\/div>\n<div class=\"mc-column content-text active-extra-styles \" data-block-type=\"unstyled\" data-block-weight=\"26\" data-block-id=\"25\">\n<p class=\" content-text__container \" data-track-category=\"Link no Texto\" data-track-links=\"\" data-mrf-recirculation=\"Article links\">He highlighted remarks by COPOM members suggesting there is some \u201ccushion\u201d in interest rates after the tightening process that took the Selic to 15% last year.<\/p>\n<\/div>\n<div class=\"mc-column content-text active-extra-styles \" data-block-type=\"unstyled\" data-block-weight=\"55\" data-block-id=\"26\">\n<p class=\" content-text__container \" data-track-category=\"Link no Texto\" data-track-links=\"\" data-mrf-recirculation=\"Article links\">\u201cIt seems to us that, to signal any move toward stopping the cycle, there would need to be a very sharp deterioration in the scenario,\u201d Cezario said. \u201cThey have a budget for cuts, smaller than before, but there is still some room,\u201d added the economist, who expects the Selic to end this year at 12.5%.<\/p>\n<\/div>\n<div class=\"mc-column content-text active-extra-styles \" data-block-type=\"unstyled\" data-block-weight=\"2\" data-block-id=\"27\">\n<p class=\" content-text__container \" data-track-category=\"Link no Texto\" data-track-links=\"\" data-mrf-recirculation=\"Article links\"><strong>Slower path<\/strong><\/p>\n<\/div>\n<div class=\"mc-column content-text active-extra-styles \" data-block-type=\"unstyled\" data-block-weight=\"45\" data-block-id=\"28\">\n<p class=\" content-text__container \" data-track-category=\"Link no Texto\" data-track-links=\"\" data-mrf-recirculation=\"Article links\">With a more conservative view, Daniel Xavier, chief economist at Banco ABC Brasil, expects COPOM to keep cutting the Selic by 25 basis points until the end of 2026, which would take the benchmark rate to 13.25%, slightly above the market\u2019s median forecast of 13%.<\/p>\n<\/div>\n<div class=\"mc-column content-text active-extra-styles \" data-block-type=\"unstyled\" data-block-weight=\"59\" data-block-id=\"29\">\n<p class=\" content-text__container \" data-track-category=\"Link no Texto\" data-track-links=\"\" data-mrf-recirculation=\"Article links\">\u201cIt will deliver the 25-basis-point [cut], reaffirm that it is watching the conflict and its effects, while reinforcing that it is coming from a long period of restrictive rates. It will be the continuation of the cycle in a cautious and serene way,\u201d Xavier said, repeating terms used by COPOM itself in the statement after its March decision.<\/p>\n<\/div>\n<div class=\"mc-column content-text active-extra-styles \" data-block-type=\"unstyled\" data-block-weight=\"45\" data-block-id=\"30\">\n<p class=\" content-text__container \" data-track-category=\"Link no Texto\" data-track-links=\"\" data-mrf-recirculation=\"Article links\">The economist expects COPOM to keep the balance of risks symmetric, because he believes it would be \u201ccontradictory\u201d to cut rates while flagging upside risks to inflation. He also expects the inflation forecast for the relevant monetary-policy horizon to be reduced to 3.1% from 3.3%.<\/p>\n<\/div>\n<div class=\"mc-column content-text active-extra-styles \" data-block-type=\"unstyled\" data-block-weight=\"48\" data-block-id=\"31\">\n<p class=\" content-text__container \" data-track-category=\"Link no Texto\" data-track-links=\"\" data-mrf-recirculation=\"Article links\">Xavier said the shift in the horizon from the third to the fourth quarter of 2027, the recent appreciation of the real, and a higher Selic projected in the Focus survey will be enough to offset the impact of higher oil prices on the Central Bank\u2019s model forecast.<\/p>\n<\/div>\n<div class=\"mc-column content-text active-extra-styles \" data-block-type=\"unstyled\" data-block-weight=\"46\" data-block-id=\"33\">\n<p class=\" content-text__container \" data-track-category=\"Link no Texto\" data-track-links=\"\" data-mrf-recirculation=\"Article links\">Asset 1\u2019s calculation points to a different result, Cezario said. \u201cOur forecast is between 3.3% and 3.4%. Since there will probably be a further worsening in inflation expectations on Monday [27], it seems more likely to us that the projection will rise to 3.4%,\u201d he said.<\/p>\n<\/div>\n<div class=\"mc-column content-text active-extra-styles \" data-block-type=\"unstyled\" data-block-weight=\"41\" data-block-id=\"34\">\n<p class=\" content-text__container \" data-track-category=\"Link no Texto\" data-track-links=\"\" data-mrf-recirculation=\"Article links\">Gino Olivares, chief economist at Azimut Brasil Wealth Management, challenges the idea that the Selic has a cushion that allows the Central Bank to keep cutting in light of the change in the inflation outlook after the outbreak of the war.<\/p>\n<\/div>\n<div class=\"mc-column content-text active-extra-styles \" data-block-type=\"unstyled\" data-block-weight=\"57\" data-block-id=\"35\">\n<p class=\" content-text__container \" data-track-category=\"Link no Texto\" data-track-links=\"\" data-mrf-recirculation=\"Article links\">\u201cWhat I see now is that the plane is not landing, but going around. At this point, there is no way to know how high the plane will climb in that go-around. So neither I nor the Central Bank know how much of the room that existed to lower interest rates remained after this move,\u201d he said.<\/p>\n<\/div>\n<div class=\"mc-column content-text active-extra-styles \" data-block-type=\"unstyled\" data-block-weight=\"33\" data-block-id=\"36\">\n<p class=\" content-text__container \" data-track-category=\"Link no Texto\" data-track-links=\"\" data-mrf-recirculation=\"Article links\">Olivares acknowledges, however, that continuing the rate-cutting cycle at a 25-basis-point pace or pausing while waiting for more information are strategies with similar effects, since the current level of monetary-policy restriction is high.<\/p>\n<\/div>\n<div class=\"mc-column content-text active-extra-styles \" data-block-type=\"unstyled\" data-block-weight=\"52\" data-block-id=\"37\">\n<p class=\" content-text__container \" data-track-category=\"Link no Texto\" data-track-links=\"\" data-mrf-recirculation=\"Article links\">The economist draws attention to the fact that inflation is likely to keep rising over the next three months. And while current inflation rises, expectations are unlikely to fall. \u201cWe will live with inflation under pressure, and it will only ease with numbers well below expectations, which should not happen anytime soon.\u201d<\/p>\n<\/div>\n<div class=\"mc-column content-text active-extra-styles \" data-block-type=\"unstyled\" data-block-weight=\"2\" data-block-id=\"38\">\n<p class=\" content-text__container \" data-track-category=\"Link no Texto\" data-track-links=\"\" data-mrf-recirculation=\"Article links\"><strong>Potential pause<\/strong><\/p>\n<\/div>\n<div class=\"mc-column content-text active-extra-styles \" data-block-type=\"unstyled\" data-block-weight=\"60\" data-block-id=\"39\">\n<p class=\" content-text__container \" data-track-category=\"Link no Texto\" data-track-links=\"\" data-mrf-recirculation=\"Article links\">For COPOM, the path of least resistance, Olivares said, should be to keep cutting rates, but with a message that the possibility of a pause has become real. \u201cThe chance of stopping is real. It is definitely not zero. Perhaps that is the most important message Copom COPOM to convey, and the hardest one to put into words,\u201d he noted.<\/p>\n<\/div>\n<div class=\"mc-column content-text active-extra-styles \" data-block-type=\"unstyled\" data-block-weight=\"44\" data-block-id=\"40\">\n<p class=\" content-text__container \" data-track-category=\"Link no Texto\" data-track-links=\"\" data-mrf-recirculation=\"Article links\">For Soci\u00e9t\u00e9 G\u00e9n\u00e9rale economists, that should in fact be the baseline scenario. Given uncertainty in the Middle East, rising inflation expectations, and mixed signals from the domestic economy, COPOM should keep the Selic at 14.75% on Wednesday, the French bank argued in a report.<\/p>\n<\/div>\n<div data-track-category=\"multicontent\" data-track-action=\"ultimo chunk conteudo\" data-track-noninteraction=\"false\" data-track-scroll=\"view\">\n<div class=\"mc-column content-text active-extra-styles \" data-block-type=\"unstyled\" data-block-weight=\"79\" data-block-id=\"42\">\n<p class=\" content-text__container \" data-track-category=\"Link no Texto\" data-track-links=\"\" data-mrf-recirculation=\"Article links\">\u201cRisks remain tilted toward lower rates in the short term and higher rates in the medium term. In the short term, the Central Bank may feel compelled to take advantage of still-moderate inflation levels, especially considering that real rates would remain significantly restrictive even with a few cuts. Beyond the short term, however, with inflation expectations for this year already above the target ceiling, any additional deviation, especially in 2027, could restrict the easing path,\u201d the bank\u2019s economists wrote.<\/p>\n<p data-track-category=\"Link no Texto\" data-track-links=\"\" data-mrf-recirculation=\"Article links\">*By\u00a0Gabriel Caldeira,\u00a0Victor Rezende\u00a0and\u00a0Gabriel Roca\u00a0\u2014 S\u00e3o Paulo<\/p>\n<p data-track-category=\"Link no Texto\" data-track-links=\"\" data-mrf-recirculation=\"Article links\">Source: Valoar International<\/p>\n<p>https:\/\/valorinternational.globo.com\/<\/p>\n<\/div>\n<\/div>\n<\/div>\n<\/div>\n<\/article>\n<\/div>\n","protected":false},"excerpt":{"rendered":"<p>Most market participants expect Brazil\u2019s Monetary Policy Committee to lower base rate to 14.5%, while signaling caution on inflation risks &nbsp; &nbsp; 04\/27\/2026\u00a0 With the Selic base rate deep in contractionary territory, but against a backdrop of high uncertainty and inflationary pressure from the war in the Middle East, the Central Bank\u2019s Monetary Policy Committee [&hellip;]<\/p>\n","protected":false},"author":2,"featured_media":0,"comment_status":"closed","ping_status":"closed","sticky":false,"template":"","format":"standard","meta":{"footnotes":""},"categories":[8106],"tags":[26880,26879],"class_list":["post-98305","post","type-post","status-publish","format-standard","hentry","category-murray-news","tag-amid-war-fears","tag-central-bank-set-to-cut-selic-by-25bp"],"yoast_head":"<!-- This site is optimized with the Yoast SEO plugin v27.0 - https:\/\/yoast.com\/product\/yoast-seo-wordpress\/ -->\n<title>Central Bank set to cut Selic by 25bp amid war fears - Murray Advogados<\/title>\n<meta name=\"robots\" content=\"index, follow, max-snippet:-1, max-image-preview:large, max-video-preview:-1\" \/>\n<link rel=\"canonical\" href=\"https:\/\/murray.adv.br\/en\/central-bank-set-to-cut-selic-by-25bp-amid-war-fears\/\" \/>\n<meta property=\"og:locale\" content=\"en_US\" \/>\n<meta property=\"og:type\" content=\"article\" \/>\n<meta property=\"og:title\" content=\"Central Bank set to cut Selic by 25bp amid war fears - Murray Advogados\" \/>\n<meta property=\"og:description\" content=\"Most market participants expect Brazil\u2019s Monetary Policy Committee to lower base rate to 14.5%, while signaling caution on inflation risks &nbsp; &nbsp; 04\/27\/2026\u00a0 With the Selic base rate deep in contractionary territory, but against a backdrop of high uncertainty and inflationary pressure from the war in the Middle East, the Central Bank\u2019s Monetary Policy Committee [&hellip;]\" \/>\n<meta property=\"og:url\" content=\"https:\/\/murray.adv.br\/en\/central-bank-set-to-cut-selic-by-25bp-amid-war-fears\/\" \/>\n<meta property=\"og:site_name\" content=\"Murray Advogados\" \/>\n<meta property=\"article:published_time\" content=\"2026-04-27T16:48:42+00:00\" \/>\n<meta name=\"author\" content=\"Gelcy Bueno\" \/>\n<meta name=\"twitter:card\" content=\"summary_large_image\" \/>\n<meta name=\"twitter:label1\" content=\"Written by\" \/>\n\t<meta name=\"twitter:data1\" content=\"Gelcy Bueno\" \/>\n\t<meta name=\"twitter:label2\" content=\"Est. reading time\" \/>\n\t<meta name=\"twitter:data2\" content=\"9 minutes\" \/>\n<script type=\"application\/ld+json\" class=\"yoast-schema-graph\">{\"@context\":\"https:\/\/schema.org\",\"@graph\":[{\"@type\":\"Article\",\"@id\":\"https:\/\/murray.adv.br\/en\/central-bank-set-to-cut-selic-by-25bp-amid-war-fears\/#article\",\"isPartOf\":{\"@id\":\"https:\/\/murray.adv.br\/en\/central-bank-set-to-cut-selic-by-25bp-amid-war-fears\/\"},\"author\":{\"name\":\"Gelcy Bueno\",\"@id\":\"https:\/\/murray.adv.br\/en\/#\/schema\/person\/dd0d0bea46c2436124555d18c1a0d52e\"},\"headline\":\"Central Bank set to cut Selic by 25bp amid war fears\",\"datePublished\":\"2026-04-27T16:48:42+00:00\",\"mainEntityOfPage\":{\"@id\":\"https:\/\/murray.adv.br\/en\/central-bank-set-to-cut-selic-by-25bp-amid-war-fears\/\"},\"wordCount\":1522,\"keywords\":[\"amid war fears\",\"Central Bank set to cut Selic by 25bp\"],\"articleSection\":[\"Murray News\"],\"inLanguage\":\"en-US\"},{\"@type\":\"WebPage\",\"@id\":\"https:\/\/murray.adv.br\/en\/central-bank-set-to-cut-selic-by-25bp-amid-war-fears\/\",\"url\":\"https:\/\/murray.adv.br\/en\/central-bank-set-to-cut-selic-by-25bp-amid-war-fears\/\",\"name\":\"Central Bank set to cut Selic by 25bp amid war fears - Murray Advogados\",\"isPartOf\":{\"@id\":\"https:\/\/murray.adv.br\/en\/#website\"},\"datePublished\":\"2026-04-27T16:48:42+00:00\",\"author\":{\"@id\":\"https:\/\/murray.adv.br\/en\/#\/schema\/person\/dd0d0bea46c2436124555d18c1a0d52e\"},\"breadcrumb\":{\"@id\":\"https:\/\/murray.adv.br\/en\/central-bank-set-to-cut-selic-by-25bp-amid-war-fears\/#breadcrumb\"},\"inLanguage\":\"en-US\",\"potentialAction\":[{\"@type\":\"ReadAction\",\"target\":[\"https:\/\/murray.adv.br\/en\/central-bank-set-to-cut-selic-by-25bp-amid-war-fears\/\"]}]},{\"@type\":\"BreadcrumbList\",\"@id\":\"https:\/\/murray.adv.br\/en\/central-bank-set-to-cut-selic-by-25bp-amid-war-fears\/#breadcrumb\",\"itemListElement\":[{\"@type\":\"ListItem\",\"position\":1,\"name\":\"In\u00edcio\",\"item\":\"https:\/\/murray.adv.br\/en\/home\/\"},{\"@type\":\"ListItem\",\"position\":2,\"name\":\"Central Bank set to cut Selic by 25bp amid war fears\"}]},{\"@type\":\"WebSite\",\"@id\":\"https:\/\/murray.adv.br\/en\/#website\",\"url\":\"https:\/\/murray.adv.br\/en\/\",\"name\":\"Murray Advogados\",\"description\":\"PLG International Lawyers\",\"potentialAction\":[{\"@type\":\"SearchAction\",\"target\":{\"@type\":\"EntryPoint\",\"urlTemplate\":\"https:\/\/murray.adv.br\/en\/?s={search_term_string}\"},\"query-input\":{\"@type\":\"PropertyValueSpecification\",\"valueRequired\":true,\"valueName\":\"search_term_string\"}}],\"inLanguage\":\"en-US\"},{\"@type\":\"Person\",\"@id\":\"https:\/\/murray.adv.br\/en\/#\/schema\/person\/dd0d0bea46c2436124555d18c1a0d52e\",\"name\":\"Gelcy Bueno\",\"image\":{\"@type\":\"ImageObject\",\"inLanguage\":\"en-US\",\"@id\":\"https:\/\/murray.adv.br\/en\/#\/schema\/person\/image\/\",\"url\":\"https:\/\/secure.gravatar.com\/avatar\/1ef2acfe966d6deacdeccd2a24ea89192c41fd05fc60e57b79021358a47f5641?s=96&d=mm&r=g\",\"contentUrl\":\"https:\/\/secure.gravatar.com\/avatar\/1ef2acfe966d6deacdeccd2a24ea89192c41fd05fc60e57b79021358a47f5641?s=96&d=mm&r=g\",\"caption\":\"Gelcy Bueno\"},\"url\":\"https:\/\/murray.adv.br\/en\/author\/news\/\"}]}<\/script>\n<!-- \/ Yoast SEO plugin. -->","yoast_head_json":{"title":"Central Bank set to cut Selic by 25bp amid war fears - Murray Advogados","robots":{"index":"index","follow":"follow","max-snippet":"max-snippet:-1","max-image-preview":"max-image-preview:large","max-video-preview":"max-video-preview:-1"},"canonical":"https:\/\/murray.adv.br\/en\/central-bank-set-to-cut-selic-by-25bp-amid-war-fears\/","og_locale":"en_US","og_type":"article","og_title":"Central Bank set to cut Selic by 25bp amid war fears - Murray Advogados","og_description":"Most market participants expect Brazil\u2019s Monetary Policy Committee to lower base rate to 14.5%, while signaling caution on inflation risks &nbsp; &nbsp; 04\/27\/2026\u00a0 With the Selic base rate deep in contractionary territory, but against a backdrop of high uncertainty and inflationary pressure from the war in the Middle East, the Central Bank\u2019s Monetary Policy Committee [&hellip;]","og_url":"https:\/\/murray.adv.br\/en\/central-bank-set-to-cut-selic-by-25bp-amid-war-fears\/","og_site_name":"Murray Advogados","article_published_time":"2026-04-27T16:48:42+00:00","author":"Gelcy Bueno","twitter_card":"summary_large_image","twitter_misc":{"Written by":"Gelcy Bueno","Est. reading time":"9 minutes"},"schema":{"@context":"https:\/\/schema.org","@graph":[{"@type":"Article","@id":"https:\/\/murray.adv.br\/en\/central-bank-set-to-cut-selic-by-25bp-amid-war-fears\/#article","isPartOf":{"@id":"https:\/\/murray.adv.br\/en\/central-bank-set-to-cut-selic-by-25bp-amid-war-fears\/"},"author":{"name":"Gelcy Bueno","@id":"https:\/\/murray.adv.br\/en\/#\/schema\/person\/dd0d0bea46c2436124555d18c1a0d52e"},"headline":"Central Bank set to cut Selic by 25bp amid war fears","datePublished":"2026-04-27T16:48:42+00:00","mainEntityOfPage":{"@id":"https:\/\/murray.adv.br\/en\/central-bank-set-to-cut-selic-by-25bp-amid-war-fears\/"},"wordCount":1522,"keywords":["amid war fears","Central Bank set to cut Selic by 25bp"],"articleSection":["Murray News"],"inLanguage":"en-US"},{"@type":"WebPage","@id":"https:\/\/murray.adv.br\/en\/central-bank-set-to-cut-selic-by-25bp-amid-war-fears\/","url":"https:\/\/murray.adv.br\/en\/central-bank-set-to-cut-selic-by-25bp-amid-war-fears\/","name":"Central Bank set to cut Selic by 25bp amid war fears - Murray Advogados","isPartOf":{"@id":"https:\/\/murray.adv.br\/en\/#website"},"datePublished":"2026-04-27T16:48:42+00:00","author":{"@id":"https:\/\/murray.adv.br\/en\/#\/schema\/person\/dd0d0bea46c2436124555d18c1a0d52e"},"breadcrumb":{"@id":"https:\/\/murray.adv.br\/en\/central-bank-set-to-cut-selic-by-25bp-amid-war-fears\/#breadcrumb"},"inLanguage":"en-US","potentialAction":[{"@type":"ReadAction","target":["https:\/\/murray.adv.br\/en\/central-bank-set-to-cut-selic-by-25bp-amid-war-fears\/"]}]},{"@type":"BreadcrumbList","@id":"https:\/\/murray.adv.br\/en\/central-bank-set-to-cut-selic-by-25bp-amid-war-fears\/#breadcrumb","itemListElement":[{"@type":"ListItem","position":1,"name":"In\u00edcio","item":"https:\/\/murray.adv.br\/en\/home\/"},{"@type":"ListItem","position":2,"name":"Central Bank set to cut Selic by 25bp amid war fears"}]},{"@type":"WebSite","@id":"https:\/\/murray.adv.br\/en\/#website","url":"https:\/\/murray.adv.br\/en\/","name":"Murray Advogados","description":"PLG International Lawyers","potentialAction":[{"@type":"SearchAction","target":{"@type":"EntryPoint","urlTemplate":"https:\/\/murray.adv.br\/en\/?s={search_term_string}"},"query-input":{"@type":"PropertyValueSpecification","valueRequired":true,"valueName":"search_term_string"}}],"inLanguage":"en-US"},{"@type":"Person","@id":"https:\/\/murray.adv.br\/en\/#\/schema\/person\/dd0d0bea46c2436124555d18c1a0d52e","name":"Gelcy Bueno","image":{"@type":"ImageObject","inLanguage":"en-US","@id":"https:\/\/murray.adv.br\/en\/#\/schema\/person\/image\/","url":"https:\/\/secure.gravatar.com\/avatar\/1ef2acfe966d6deacdeccd2a24ea89192c41fd05fc60e57b79021358a47f5641?s=96&d=mm&r=g","contentUrl":"https:\/\/secure.gravatar.com\/avatar\/1ef2acfe966d6deacdeccd2a24ea89192c41fd05fc60e57b79021358a47f5641?s=96&d=mm&r=g","caption":"Gelcy Bueno"},"url":"https:\/\/murray.adv.br\/en\/author\/news\/"}]}},"_links":{"self":[{"href":"https:\/\/murray.adv.br\/en\/wp-json\/wp\/v2\/posts\/98305","targetHints":{"allow":["GET"]}}],"collection":[{"href":"https:\/\/murray.adv.br\/en\/wp-json\/wp\/v2\/posts"}],"about":[{"href":"https:\/\/murray.adv.br\/en\/wp-json\/wp\/v2\/types\/post"}],"author":[{"embeddable":true,"href":"https:\/\/murray.adv.br\/en\/wp-json\/wp\/v2\/users\/2"}],"replies":[{"embeddable":true,"href":"https:\/\/murray.adv.br\/en\/wp-json\/wp\/v2\/comments?post=98305"}],"version-history":[{"count":2,"href":"https:\/\/murray.adv.br\/en\/wp-json\/wp\/v2\/posts\/98305\/revisions"}],"predecessor-version":[{"id":98307,"href":"https:\/\/murray.adv.br\/en\/wp-json\/wp\/v2\/posts\/98305\/revisions\/98307"}],"wp:attachment":[{"href":"https:\/\/murray.adv.br\/en\/wp-json\/wp\/v2\/media?parent=98305"}],"wp:term":[{"taxonomy":"category","embeddable":true,"href":"https:\/\/murray.adv.br\/en\/wp-json\/wp\/v2\/categories?post=98305"},{"taxonomy":"post_tag","embeddable":true,"href":"https:\/\/murray.adv.br\/en\/wp-json\/wp\/v2\/tags?post=98305"}],"curies":[{"name":"wp","href":"https:\/\/api.w.org\/{rel}","templated":true}]}}